{"id":396,"date":"2012-04-24T14:06:49","date_gmt":"2012-04-24T13:06:49","guid":{"rendered":"http:\/\/www.postmortal.de\/blog\/?p=396"},"modified":"2012-04-24T14:17:17","modified_gmt":"2012-04-24T13:17:17","slug":"umfrage-zum-thema-totengedenken-im-internet","status":"publish","type":"post","link":"http:\/\/www.postmortal.de\/blog\/allgemein\/umfrage-zum-thema-totengedenken-im-internet\/","title":{"rendered":"Umfrage zum Thema Totengedenken im Internet"},"content":{"rendered":"<p>Mein Name ist Anne (22) und ich schreibe momentan meine Bachelorarbeit zum Thema \u0084Totengedenken im World Wide Web \u0096 Nutzungsbereitschaft von virtuellen Gedenkst\u00e4tten  bei Einwohnern von Klein \u0096 und Gro\u00dfst\u00e4dten\u0093.<\/p>\n<p>In meiner Arbeit m\u00f6chte ich untersuchen, ob die nun schon weit verbreiteten Trauerportale und virtuellen Friedh\u00f6fe nur einer skurrilen Erscheinung angeh\u00f6ren oder ob sie in Zukunft sogar fester Bestandteil in den Angeboten der Bestattungsinstitute sein wird.<\/p>\n<p>Weiterhin m\u00f6chte ich herausfinden, ob die Nutzungsbereitschaft im Zusammenhang mit geografischen oder sozialen Merkmalen steht.<br \/>\nDeshalb m\u00f6chte ich Sie bitten an meiner Umfrage teilzunehmen und so zu einer repr\u00e4sentativen Aussage beizutragen.<\/p>\n<p>Vielen Dank!<\/p>\n<p>Hier der Link zu meiner Umfrage:<\/p>\n<p><a href=\"http:\/\/www.rationalsurvey.com\/s\/2695\" title=\"Hier der Link zur Umfrage\">http:\/\/www.rationalsurvey.com\/s\/2695<\/a><\/p>\n","protected":false},"excerpt":{"rendered":"<p>Mein Name ist Anne (22) und ich schreibe momentan meine Bachelorarbeit zum Thema \u0084Totengedenken im World Wide Web \u0096 Nutzungsbereitschaft von virtuellen Gedenkst\u00e4tten bei Einwohnern von Klein \u0096 und Gro\u00dfst\u00e4dten\u0093. In meiner Arbeit m\u00f6chte ich untersuchen, ob die nun schon weit verbreiteten Trauerportale und virtuellen Friedh\u00f6fe nur einer skurrilen Erscheinung angeh\u00f6ren oder ob sie in &hellip; <a href=\"http:\/\/www.postmortal.de\/blog\/allgemein\/umfrage-zum-thema-totengedenken-im-internet\/\" class=\"more-link\"><span class=\"screen-reader-text\">Umfrage zum Thema Totengedenken im Internet<\/span> weiterlesen <span class=\"meta-nav\">&rarr;<\/span><\/a><\/p>\n","protected":false},"author":2,"featured_media":0,"comment_status":"open","ping_status":"open","sticky":false,"template":"","format":"standard","meta":{"footnotes":""},"categories":[1],"tags":[],"class_list":["post-396","post","type-post","status-publish","format-standard","hentry","category-allgemein"],"_links":{"self":[{"href":"http:\/\/www.postmortal.de\/blog\/wp-json\/wp\/v2\/posts\/396","targetHints":{"allow":["GET"]}}],"collection":[{"href":"http:\/\/www.postmortal.de\/blog\/wp-json\/wp\/v2\/posts"}],"about":[{"href":"http:\/\/www.postmortal.de\/blog\/wp-json\/wp\/v2\/types\/post"}],"author":[{"embeddable":true,"href":"http:\/\/www.postmortal.de\/blog\/wp-json\/wp\/v2\/users\/2"}],"replies":[{"embeddable":true,"href":"http:\/\/www.postmortal.de\/blog\/wp-json\/wp\/v2\/comments?post=396"}],"version-history":[{"count":4,"href":"http:\/\/www.postmortal.de\/blog\/wp-json\/wp\/v2\/posts\/396\/revisions"}],"predecessor-version":[{"id":665,"href":"http:\/\/www.postmortal.de\/blog\/wp-json\/wp\/v2\/posts\/396\/revisions\/665"}],"wp:attachment":[{"href":"http:\/\/www.postmortal.de\/blog\/wp-json\/wp\/v2\/media?parent=396"}],"wp:term":[{"taxonomy":"category","embeddable":true,"href":"http:\/\/www.postmortal.de\/blog\/wp-json\/wp\/v2\/categories?post=396"},{"taxonomy":"post_tag","embeddable":true,"href":"http:\/\/www.postmortal.de\/blog\/wp-json\/wp\/v2\/tags?post=396"}],"curies":[{"name":"wp","href":"https:\/\/api.w.org\/{rel}","templated":true}]}}